{"id":17228,"date":"2026-03-03T16:01:43","date_gmt":"2026-03-03T16:01:43","guid":{"rendered":"https:\/\/zipodemos.ahm-honduras.com\/?p=17228"},"modified":"2026-04-14T15:12:12","modified_gmt":"2026-04-14T15:12:12","slug":"ahm-celebra-su-xxxiii-asamblea-general-ordinaria-y-elige-nueva-junta-directiva-para-el-periodo-2026-2028","status":"publish","type":"post","link":"https:\/\/zipodemos.ahm-honduras.com\/?p=17228","title":{"rendered":"AHM celebra su XXXIII Asamblea General Ordinaria y elige nueva Junta Directiva para el per\u00edodo 2026-2028"},"content":{"rendered":"<div class=\"is-root-container is-desktop-preview is-layout-flow wp-block-post-content block-editor-block-list__layout\">\n<p id=\"block-e8bb3f4b-cba1-4630-8915-de60f523404f\" class=\"block-editor-rich-text__editable block-editor-block-list__block wp-block wp-block-paragraph rich-text\" role=\"document\" contenteditable=\"true\" aria-multiline=\"true\" aria-readonly=\"false\" aria-label=\"Bloque: P\u00e1rrafo\" data-block=\"e8bb3f4b-cba1-4630-8915-de60f523404f\" data-type=\"core\/paragraph\" data-title=\"P\u00e1rrafo\" data-empty=\"false\" data-custom-placeholder=\"true\" data-wp-block-attribute-key=\"content\">La Asociaci\u00f3n Hondure\u00f1a de Maquiladores (AHM) celebr\u00f3 el viernes 27 de febrero de 2026 su trig\u00e9sima tercera asamblea general anual ordinaria, en el sal\u00f3n El Tejedor de sus instalaciones, con la participaci\u00f3n debidamente acreditada de las empresas afiliadas.<\/p>\n<p id=\"block-1b40ffc2-130b-41df-b28e-4b394dc62435\" class=\"block-editor-rich-text__editable block-editor-block-list__block wp-block wp-block-paragraph rich-text\" role=\"document\" contenteditable=\"true\" aria-multiline=\"true\" aria-readonly=\"false\" aria-label=\"Bloque: P\u00e1rrafo\" data-block=\"1b40ffc2-130b-41df-b28e-4b394dc62435\" data-type=\"core\/paragraph\" data-title=\"P\u00e1rrafo\" data-empty=\"false\" data-custom-placeholder=\"true\" data-wp-block-attribute-key=\"content\">Durante la sesi\u00f3n se guard\u00f3 un minuto de silencio en memoria del se\u00f1or Nicol\u00e1s Chah\u00edn, quien fue miembro de la Junta Directiva por varios a\u00f1os.<\/p>\n<p id=\"block-7962a145-4e27-44bb-bb58-6c3c5da19636\" class=\"block-editor-rich-text__editable block-editor-block-list__block wp-block wp-block-paragraph rich-text\" role=\"document\" contenteditable=\"true\" aria-multiline=\"true\" aria-readonly=\"false\" aria-label=\"Bloque: P\u00e1rrafo\" data-block=\"7962a145-4e27-44bb-bb58-6c3c5da19636\" data-type=\"core\/paragraph\" data-title=\"P\u00e1rrafo\" data-empty=\"false\" data-custom-placeholder=\"true\" data-wp-block-attribute-key=\"content\">En su informe de Presidencia, el ingeniero Daniel Facuss\u00e9 destac\u00f3 que 2025 fue un a\u00f1o retador para la industria maquiladora, en continuidad con un per\u00edodo de cuatro a\u00f1os marcados por desaf\u00edos econ\u00f3micos, regulatorios y comerciales, tanto a nivel nacional como internacional.<\/p>\n<p id=\"block-f079e493-8e32-4904-942b-138c6517b920\" class=\"block-editor-rich-text__editable block-editor-block-list__block wp-block wp-block-paragraph rich-text\" role=\"document\" contenteditable=\"true\" aria-multiline=\"true\" aria-readonly=\"false\" aria-label=\"Bloque: P\u00e1rrafo\" data-block=\"f079e493-8e32-4904-942b-138c6517b920\" data-type=\"core\/paragraph\" data-title=\"P\u00e1rrafo\" data-empty=\"false\" data-custom-placeholder=\"true\" data-wp-block-attribute-key=\"content\">Facuss\u00e9 tambi\u00e9n destac\u00f3 como prioridad el desarrollo de un proyecto integral de atracci\u00f3n de inversi\u00f3n, orientada a posicionar a Honduras como destino competitivo para la manufactura. Subray\u00f3 que la estrategia buscar\u00e1 atraer inversiones que generen empleo en diversas ramas productivas, m\u00e1s all\u00e1 del sector textil, incluyendo arneses, muebles y otras industrias afiliadas.<\/p>\n<p id=\"block-b508a5ec-c543-4b09-abba-6351cfceda6c\" class=\"block-editor-rich-text__editable block-editor-block-list__block wp-block wp-block-paragraph rich-text\" role=\"document\" contenteditable=\"true\" aria-multiline=\"true\" aria-readonly=\"false\" aria-label=\"Bloque: P\u00e1rrafo\" data-block=\"b508a5ec-c543-4b09-abba-6351cfceda6c\" data-type=\"core\/paragraph\" data-title=\"P\u00e1rrafo\" data-empty=\"false\" data-custom-placeholder=\"true\" data-wp-block-attribute-key=\"content\"><strong>Elecci\u00f3n y juramentaci\u00f3n de la nueva Junta Directiva<\/strong><\/p>\n<p id=\"block-b4f4e2ad-a1f6-4d86-9470-60d27062bd04\" class=\"block-editor-rich-text__editable block-editor-block-list__block wp-block wp-block-paragraph rich-text\" role=\"document\" contenteditable=\"true\" aria-multiline=\"true\" aria-readonly=\"false\" aria-label=\"Bloque: P\u00e1rrafo\" data-block=\"b4f4e2ad-a1f6-4d86-9470-60d27062bd04\" data-type=\"core\/paragraph\" data-title=\"P\u00e1rrafo\" data-empty=\"false\" data-custom-placeholder=\"true\" data-wp-block-attribute-key=\"content\">Como parte de la agenda, la asamblea eligi\u00f3 por unanimidad la Junta Directiva que fungir\u00e1 del 1 de marzo de 2026 al 29 de febrero de 2028, quedando conformada de la siguiente manera:<\/p>\n<ul id=\"block-49f0311e-9f66-4776-b5e5-9dfbe20039ad\" class=\"block-editor-block-list__block wp-block wp-block-list block-editor-block-list__layout\" tabindex=\"0\" role=\"document\" draggable=\"true\" aria-label=\"Bloque: Lista\" data-block=\"49f0311e-9f66-4776-b5e5-9dfbe20039ad\" data-type=\"core\/list\" data-title=\"Lista\" data-is-drop-zone=\"true\">\n<li id=\"block-8d86f0fa-3662-4107-9cdf-ca73d921226a\" class=\"block-editor-block-list__block wp-block wp-block-list-item block-editor-block-list__layout\" tabindex=\"0\" role=\"document\" draggable=\"true\" aria-label=\"Bloque: Elemento de lista\" data-block=\"8d86f0fa-3662-4107-9cdf-ca73d921226a\" data-type=\"core\/list-item\" data-title=\"Elemento de lista\">\n<div class=\"block-editor-rich-text__editable rich-text\" role=\"textbox\" contenteditable=\"true\" aria-multiline=\"true\" aria-readonly=\"false\" aria-label=\"Texto de la lista\" data-wp-block-attribute-key=\"content\">Presidente: Daniel Facuss\u00e9<\/div>\n<\/li>\n<li id=\"block-41073d6e-5110-4664-ad66-05d9b01f4903\" class=\"block-editor-block-list__block wp-block wp-block-list-item block-editor-block-list__layout\" tabindex=\"0\" role=\"document\" draggable=\"true\" aria-label=\"Bloque: Elemento de lista\" data-block=\"41073d6e-5110-4664-ad66-05d9b01f4903\" data-type=\"core\/list-item\" data-title=\"Elemento de lista\">\n<div class=\"block-editor-rich-text__editable rich-text\" role=\"textbox\" contenteditable=\"true\" aria-multiline=\"true\" aria-readonly=\"false\" aria-label=\"Texto de la lista\" data-wp-block-attribute-key=\"content\">Vicepresidenta: Claudia Sandoval<\/div>\n<\/li>\n<li id=\"block-a2bdddda-d1d7-45f8-8460-794168e649c2\" class=\"block-editor-block-list__block wp-block wp-block-list-item block-editor-block-list__layout\" tabindex=\"0\" role=\"document\" draggable=\"true\" aria-label=\"Bloque: Elemento de lista\" data-block=\"a2bdddda-d1d7-45f8-8460-794168e649c2\" data-type=\"core\/list-item\" data-title=\"Elemento de lista\">\n<div class=\"block-editor-rich-text__editable rich-text\" role=\"textbox\" contenteditable=\"true\" aria-multiline=\"true\" aria-readonly=\"false\" aria-label=\"Texto de la lista\" data-wp-block-attribute-key=\"content\">Secretario: Werner Oberholzer<\/div>\n<\/li>\n<li id=\"block-f513426d-06cd-44a2-8a22-0665ae6d6812\" class=\"block-editor-block-list__block wp-block wp-block-list-item block-editor-block-list__layout\" tabindex=\"0\" role=\"document\" draggable=\"true\" aria-label=\"Bloque: Elemento de lista\" data-block=\"f513426d-06cd-44a2-8a22-0665ae6d6812\" data-type=\"core\/list-item\" data-title=\"Elemento de lista\">\n<div class=\"block-editor-rich-text__editable rich-text\" role=\"textbox\" contenteditable=\"true\" aria-multiline=\"true\" aria-readonly=\"false\" aria-label=\"Texto de la lista\" data-wp-block-attribute-key=\"content\">Tesorero: Fernando \u00c1lvarez<\/div>\n<\/li>\n<li id=\"block-cfc3cad3-1c13-48dc-9d7d-856be285b1af\" class=\"block-editor-block-list__block wp-block wp-block-list-item block-editor-block-list__layout\" tabindex=\"0\" role=\"document\" draggable=\"true\" aria-label=\"Bloque: Elemento de lista\" data-block=\"cfc3cad3-1c13-48dc-9d7d-856be285b1af\" data-type=\"core\/list-item\" data-title=\"Elemento de lista\">\n<div class=\"block-editor-rich-text__editable rich-text\" role=\"textbox\" contenteditable=\"true\" aria-multiline=\"true\" aria-readonly=\"false\" aria-label=\"Texto de la lista\" data-wp-block-attribute-key=\"content\">Fiscal: Jos\u00e9 Molina<\/div>\n<\/li>\n<li id=\"block-55302d1e-7a8e-40a7-8b14-2f0f30e22400\" class=\"block-editor-block-list__block wp-block wp-block-list-item block-editor-block-list__layout\" tabindex=\"0\" role=\"document\" draggable=\"true\" aria-label=\"Bloque: Elemento de lista\" data-block=\"55302d1e-7a8e-40a7-8b14-2f0f30e22400\" data-type=\"core\/list-item\" data-title=\"Elemento de lista\">\n<div class=\"block-editor-rich-text__editable rich-text\" role=\"textbox\" contenteditable=\"true\" aria-multiline=\"true\" aria-readonly=\"false\" aria-label=\"Texto de la lista\" data-wp-block-attribute-key=\"content\">Vocales: Jes\u00fas Canahuati, Jacobo Kattan, Juan Carlos Contreras, Edward Bardales y Oscar D\u00edaz<\/div>\n<\/li>\n<li id=\"block-14308857-e36a-4235-846b-65f8748a699c\" class=\"block-editor-block-list__block wp-block wp-block-list-item block-editor-block-list__layout\" tabindex=\"0\" role=\"document\" draggable=\"true\" aria-label=\"Bloque: Elemento de lista\" data-block=\"14308857-e36a-4235-846b-65f8748a699c\" data-type=\"core\/list-item\" data-title=\"Elemento de lista\">\n<div class=\"block-editor-rich-text__editable rich-text\" role=\"textbox\" contenteditable=\"true\" aria-multiline=\"true\" aria-readonly=\"false\" aria-label=\"Texto de la lista\" data-wp-block-attribute-key=\"content\">Suplentes: Fernando Jaar, Gustavo Raudales, Jason Hawit, Guillermo Bendeck y Jacobo Kafati<\/div>\n<\/li>\n<li id=\"block-b8f840a7-b54c-4002-87a9-bb2c6bf0edaf\" class=\"block-editor-block-list__block wp-block wp-block-list-item block-editor-block-list__layout\" tabindex=\"0\" role=\"document\" draggable=\"true\" aria-label=\"Bloque: Elemento de lista\" data-block=\"b8f840a7-b54c-4002-87a9-bb2c6bf0edaf\" data-type=\"core\/list-item\" data-title=\"Elemento de lista\">\n<div class=\"block-editor-rich-text__editable rich-text\" role=\"textbox\" contenteditable=\"true\" aria-multiline=\"true\" aria-readonly=\"false\" aria-label=\"Texto de la lista\" data-wp-block-attribute-key=\"content\">Asesores: Roberto Leiva, Mario Canahuati, F\u00e9lix Mahomar, Junio Marsan, Israel Salinas y Alan Larach<\/div>\n<\/li>\n<\/ul>\n<p id=\"block-a311ae00-f64f-4f22-8251-8cd5782d9b29\" class=\"block-editor-rich-text__editable block-editor-block-list__block wp-block wp-block-paragraph rich-text\" role=\"document\" contenteditable=\"true\" aria-multiline=\"true\" aria-readonly=\"false\" aria-label=\"Bloque: P\u00e1rrafo\" data-block=\"a311ae00-f64f-4f22-8251-8cd5782d9b29\" data-type=\"core\/paragraph\" data-title=\"P\u00e1rrafo\" data-empty=\"false\" data-custom-placeholder=\"true\" data-wp-block-attribute-key=\"content\">La nueva Junta Directiva fue juramentada por Jos\u00e9 Molina, en su calidad de Fiscal, quien tom\u00f3 la promesa de ley a los directores electos. Finalmente, el presidente Daniel Facuss\u00e9 reafirm\u00f3 el compromiso institucional de la AHM con la competitividad, la inversi\u00f3n y el fortalecimiento del sector manufacturero hondure\u00f1o.<\/p>\n<\/div>\n","protected":false},"excerpt":{"rendered":"<p>La Asociaci\u00f3n Hondure\u00f1a de Maquiladores (AHM) celebr\u00f3 el viernes 27 de febrero de 2026 su trig\u00e9sima tercera asamblea general anual ordinaria, en el sal\u00f3n El Tejedor de sus instalaciones, con la participaci\u00f3n debidamente acreditada de las empresas afiliadas. Durante la sesi\u00f3n se guard\u00f3 un minuto de silencio en memoria del se\u00f1or Nicol\u00e1s Chah\u00edn, quien fue [&hellip;]<\/p>\n","protected":false},"author":2,"featured_media":17235,"comment_status":"open","ping_status":"open","sticky":false,"template":"","format":"gallery","meta":{"slim_seo":{"title":"AHM celebra su XXXIII Asamblea General Ordinaria y elige nueva Junta Directiva para el per\u00edodo 2026-2028 - ZIPodemos","description":"La Asociaci\u00f3n Hondure\u00f1a de Maquiladores (AHM) celebr\u00f3 el viernes 27 de febrero de 2026 su trig\u00e9sima tercera asamblea general anual ordinaria, en el sal\u00f3n El Tej"},"footnotes":""},"categories":[10],"tags":[],"class_list":["post-17228","post","type-post","status-publish","format-gallery","has-post-thumbnail","hentry","category-notas-de-la-industria","post_format-post-format-gallery"],"_links":{"self":[{"href":"https:\/\/zipodemos.ahm-honduras.com\/index.php?rest_route=\/wp\/v2\/posts\/17228","targetHints":{"allow":["GET"]}}],"collection":[{"href":"https:\/\/zipodemos.ahm-honduras.com\/index.php?rest_route=\/wp\/v2\/posts"}],"about":[{"href":"https:\/\/zipodemos.ahm-honduras.com\/index.php?rest_route=\/wp\/v2\/types\/post"}],"author":[{"embeddable":true,"href":"https:\/\/zipodemos.ahm-honduras.com\/index.php?rest_route=\/wp\/v2\/users\/2"}],"replies":[{"embeddable":true,"href":"https:\/\/zipodemos.ahm-honduras.com\/index.php?rest_route=%2Fwp%2Fv2%2Fcomments&post=17228"}],"version-history":[{"count":3,"href":"https:\/\/zipodemos.ahm-honduras.com\/index.php?rest_route=\/wp\/v2\/posts\/17228\/revisions"}],"predecessor-version":[{"id":17748,"href":"https:\/\/zipodemos.ahm-honduras.com\/index.php?rest_route=\/wp\/v2\/posts\/17228\/revisions\/17748"}],"wp:featuredmedia":[{"embeddable":true,"href":"https:\/\/zipodemos.ahm-honduras.com\/index.php?rest_route=\/wp\/v2\/media\/17235"}],"wp:attachment":[{"href":"https:\/\/zipodemos.ahm-honduras.com\/index.php?rest_route=%2Fwp%2Fv2%2Fmedia&parent=17228"}],"wp:term":[{"taxonomy":"category","embeddable":true,"href":"https:\/\/zipodemos.ahm-honduras.com\/index.php?rest_route=%2Fwp%2Fv2%2Fcategories&post=17228"},{"taxonomy":"post_tag","embeddable":true,"href":"https:\/\/zipodemos.ahm-honduras.com\/index.php?rest_route=%2Fwp%2Fv2%2Ftags&post=17228"}],"curies":[{"name":"wp","href":"https:\/\/api.w.org\/{rel}","templated":true}]}}