{"id":17292,"date":"2026-03-02T17:57:53","date_gmt":"2026-03-02T17:57:53","guid":{"rendered":"https:\/\/zipodemos.ahm-honduras.com\/?p=17292"},"modified":"2026-03-03T17:58:41","modified_gmt":"2026-03-03T17:58:41","slug":"la-empresa-ppf-impulsa-por-un-ano-mas-el-programa-educativo-en-beneficio-de-sus-asociados","status":"publish","type":"post","link":"https:\/\/zipodemos.ahm-honduras.com\/?p=17292","title":{"rendered":"LA EMPRESA PPF IMPULSA POR UN A\u00d1O M\u00c1S EL PROGRAMA EDUCATIVO EN BENEFICIO DE SUS ASOCIADOS"},"content":{"rendered":"<p>Como parte de su compromiso con el desarrollo integral del talento humano, la empresa reafirma este 2026 su apuesta por la educaci\u00f3n a trav\u00e9s del Programa Educativo PPF, iniciativa que beneficia directamente a sus asociados brind\u00e1ndoles la oportunidad de continuar su formaci\u00f3n acad\u00e9mica en las modalidades de Bachillerato y Ciclo Com\u00fan.<\/p>\n<p>El Programa PPF se ha consolidado como un pilar estrat\u00e9gico dentro de la gesti\u00f3n de empresarial, promoviendo no solo el crecimiento profesional, sino tambi\u00e9n el fortalecimiento personal y familiar de cada participante. La empresa asume la educaci\u00f3n como una herramienta de transformaci\u00f3n social y como un factor clave para la competitividad del sector. La empresa contin\u00faa demostrando que invertir en educaci\u00f3n es invertir en el futuro.<\/p>\n","protected":false},"excerpt":{"rendered":"<p>Como parte de su compromiso con el desarrollo integral del talento humano, la empresa reafirma este 2026 su apuesta por la educaci\u00f3n a trav\u00e9s del Programa Educativo PPF, iniciativa que beneficia directamente a sus asociados brind\u00e1ndoles la oportunidad de continuar su formaci\u00f3n acad\u00e9mica en las modalidades de Bachillerato y Ciclo Com\u00fan. El Programa PPF se [&hellip;]<\/p>\n","protected":false},"author":2,"featured_media":17294,"comment_status":"open","ping_status":"open","sticky":false,"template":"","format":"gallery","meta":{"slim_seo":{"title":"LA EMPRESA PPF IMPULSA POR UN A\u00d1O M\u00c1S EL PROGRAMA EDUCATIVO EN BENEFICIO DE SUS ASOCIADOS - ZIPodemos","description":"Como parte de su compromiso con el desarrollo integral del talento humano, la empresa reafirma este 2026 su apuesta por la educaci\u00f3n a trav\u00e9s del Programa Educa"},"footnotes":""},"categories":[10],"tags":[],"class_list":["post-17292","post","type-post","status-publish","format-gallery","has-post-thumbnail","hentry","category-notas-de-la-industria","post_format-post-format-gallery"],"_links":{"self":[{"href":"https:\/\/zipodemos.ahm-honduras.com\/index.php?rest_route=\/wp\/v2\/posts\/17292","targetHints":{"allow":["GET"]}}],"collection":[{"href":"https:\/\/zipodemos.ahm-honduras.com\/index.php?rest_route=\/wp\/v2\/posts"}],"about":[{"href":"https:\/\/zipodemos.ahm-honduras.com\/index.php?rest_route=\/wp\/v2\/types\/post"}],"author":[{"embeddable":true,"href":"https:\/\/zipodemos.ahm-honduras.com\/index.php?rest_route=\/wp\/v2\/users\/2"}],"replies":[{"embeddable":true,"href":"https:\/\/zipodemos.ahm-honduras.com\/index.php?rest_route=%2Fwp%2Fv2%2Fcomments&post=17292"}],"version-history":[{"count":1,"href":"https:\/\/zipodemos.ahm-honduras.com\/index.php?rest_route=\/wp\/v2\/posts\/17292\/revisions"}],"predecessor-version":[{"id":17295,"href":"https:\/\/zipodemos.ahm-honduras.com\/index.php?rest_route=\/wp\/v2\/posts\/17292\/revisions\/17295"}],"wp:featuredmedia":[{"embeddable":true,"href":"https:\/\/zipodemos.ahm-honduras.com\/index.php?rest_route=\/wp\/v2\/media\/17294"}],"wp:attachment":[{"href":"https:\/\/zipodemos.ahm-honduras.com\/index.php?rest_route=%2Fwp%2Fv2%2Fmedia&parent=17292"}],"wp:term":[{"taxonomy":"category","embeddable":true,"href":"https:\/\/zipodemos.ahm-honduras.com\/index.php?rest_route=%2Fwp%2Fv2%2Fcategories&post=17292"},{"taxonomy":"post_tag","embeddable":true,"href":"https:\/\/zipodemos.ahm-honduras.com\/index.php?rest_route=%2Fwp%2Fv2%2Ftags&post=17292"}],"curies":[{"name":"wp","href":"https:\/\/api.w.org\/{rel}","templated":true}]}}