{"id":3962,"date":"2017-07-27T17:07:37","date_gmt":"2017-07-27T17:07:37","guid":{"rendered":"https:\/\/zipodemos.ahm-honduras.com\/?p=3962"},"modified":"2017-07-27T17:07:37","modified_gmt":"2017-07-27T17:07:37","slug":"invex-capacita-a-sus-colaboradores-en-temas-de-seguridad","status":"publish","type":"post","link":"https:\/\/zipodemos.ahm-honduras.com\/?p=3962","title":{"rendered":"INVEX capacita a sus colaboradores en temas de seguridad"},"content":{"rendered":"<p>En <strong>INVEX <\/strong>se realizaron varias jornadas de capacitaci\u00f3n en coordinaci\u00f3n con la Unidad de Seguridad Industrial SSO de la Asociaci\u00f3n Hondure\u00f1a de Maquiladores.<\/p>\n<p>Los colaboradores de INVEX pudieron capacitarse en tallares de Primeros Auxilios, Evacuaci\u00f3n y Rescate, as\u00ed como en Preparaci\u00f3n para desastres.<\/p>\n<p>Asimismo se realizaron jornadas de capacitaci\u00f3n para el personal de Mandos Intermedios sobre \u201cHabilidades Gerenciales\u201d, contando con la participaci\u00f3n de los Jefes de departamentos, y Supervisores.<\/p>\n<p>Con esta formaci\u00f3n INVEX da un paso adelante en la formaci\u00f3n profesional de su personal para estar preparados ante los retos que demanda la seguridad y la competitividad.<\/p>\n","protected":false},"excerpt":{"rendered":"<p>En INVEX se realizaron varias jornadas de capacitaci\u00f3n en coordinaci\u00f3n con la Unidad de Seguridad Industrial SSO de la Asociaci\u00f3n Hondure\u00f1a de Maquiladores. Los colaboradores de INVEX pudieron capacitarse en tallares de Primeros Auxilios, Evacuaci\u00f3n y Rescate, as\u00ed como en Preparaci\u00f3n para desastres. Asimismo se realizaron jornadas de capacitaci\u00f3n para el personal de Mandos Intermedios [&hellip;]<\/p>\n","protected":false},"author":2,"featured_media":3953,"comment_status":"open","ping_status":"open","sticky":false,"template":"","format":"standard","meta":{"slim_seo":{"title":"INVEX capacita a sus colaboradores en temas de seguridad - ZIPodemos","description":"En INVEX se realizaron varias jornadas de capacitaci\u00f3n en coordinaci\u00f3n con la Unidad de Seguridad Industrial SSO de la Asociaci\u00f3n Hondure\u00f1a de Maquiladores. Los"},"footnotes":""},"categories":[6,10],"tags":[],"class_list":["post-3962","post","type-post","status-publish","format-standard","has-post-thumbnail","hentry","category-maquila-en-accion","category-notas-de-la-industria"],"_links":{"self":[{"href":"https:\/\/zipodemos.ahm-honduras.com\/index.php?rest_route=\/wp\/v2\/posts\/3962","targetHints":{"allow":["GET"]}}],"collection":[{"href":"https:\/\/zipodemos.ahm-honduras.com\/index.php?rest_route=\/wp\/v2\/posts"}],"about":[{"href":"https:\/\/zipodemos.ahm-honduras.com\/index.php?rest_route=\/wp\/v2\/types\/post"}],"author":[{"embeddable":true,"href":"https:\/\/zipodemos.ahm-honduras.com\/index.php?rest_route=\/wp\/v2\/users\/2"}],"replies":[{"embeddable":true,"href":"https:\/\/zipodemos.ahm-honduras.com\/index.php?rest_route=%2Fwp%2Fv2%2Fcomments&post=3962"}],"version-history":[{"count":0,"href":"https:\/\/zipodemos.ahm-honduras.com\/index.php?rest_route=\/wp\/v2\/posts\/3962\/revisions"}],"wp:featuredmedia":[{"embeddable":true,"href":"https:\/\/zipodemos.ahm-honduras.com\/index.php?rest_route=\/wp\/v2\/media\/3953"}],"wp:attachment":[{"href":"https:\/\/zipodemos.ahm-honduras.com\/index.php?rest_route=%2Fwp%2Fv2%2Fmedia&parent=3962"}],"wp:term":[{"taxonomy":"category","embeddable":true,"href":"https:\/\/zipodemos.ahm-honduras.com\/index.php?rest_route=%2Fwp%2Fv2%2Fcategories&post=3962"},{"taxonomy":"post_tag","embeddable":true,"href":"https:\/\/zipodemos.ahm-honduras.com\/index.php?rest_route=%2Fwp%2Fv2%2Ftags&post=3962"}],"curies":[{"name":"wp","href":"https:\/\/api.w.org\/{rel}","templated":true}]}}